{"id":1199,"date":"2016-07-01T00:53:53","date_gmt":"2016-07-01T00:53:53","guid":{"rendered":"http:\/\/sintramacon.com.br\/site\/?p=1199"},"modified":"2016-07-01T16:47:50","modified_gmt":"2016-07-01T16:47:50","slug":"projeto-de-lei-da-deputada-distrital-celina-leao-poe-fim-as-recentes-conquistas-dos-trabalhadores-do-setor-de-materiais-de-construcao","status":"publish","type":"post","link":"https:\/\/sintramacon.com.br\/site\/?p=1199","title":{"rendered":"Projeto de lei da deputada distrital Celina Le\u00e3o p\u00f5e fim \u00e0s recentes conquistas dos trabalhadores do setor de materiais de constru\u00e7\u00e3o"},"content":{"rendered":"<p class=\"p1\"><em>Sintramacon-DF se op\u00f5e a projeto de lei 988\/2016, que exclui empregados da negocia\u00e7\u00e3o trabalhista e permite abertura indiscriminada do com\u00e9rcio aos domingos<\/em><\/p>\n<p class=\"p1\">A aprova\u00e7\u00e3o do projeto de lei 988\/2016, de autoria da deputada distrital Celina Le\u00e3o, pode acabar com as recentes conquistas dos trabalhadores em lojas de materiais de constru\u00e7\u00e3o, que, desde mar\u00e7o, passaram a cumprir jornada de trabalho m\u00e1xima de seis horas aos domingos, depois de negocia\u00e7\u00e3o em Conven\u00e7\u00e3o Coletiva de Trabalho. \u201cDemoramos mais de um ano para construir esse acordo e a C\u00e2mara Legislativa, atua contra o trabalhador, e p\u00f5e fim ao direito conquistado a duras penas, e sem ouvir sequer os trabalhadores\u201d, avalia Luciana de Moraes, presidente do Sindicato dos Trabalhadores no Com\u00e9rcio Atacadista e Varejista de Materiais de Constru\u00e7\u00e3o do DF (Sintramacon-DF).<\/p>\n<p class=\"p1\">A atual conven\u00e7\u00e3o coletiva de trabalho teve inclusive o apoio de grande n\u00famero de empres\u00e1rios que compunham o sindicato patronal. \u201cA maioria dos empres\u00e1rios do setor, inclusive, teriam preju\u00edzo com o funcionamento do com\u00e9rcio nestes dias. Eles concordaram que os resultados eram ruins para o pequeno e m\u00e9dio empres\u00e1rio. Com isso conseguimos a redu\u00e7\u00e3o da jornada de trabalho nestes dias\u201d, explicou. \u201cAgora, se esse projeto de lei for sancionado pelo governador, tudo isso estar\u00e1 perdido\u201d, disse.<\/p>\n<p class=\"p1\">A presidente do Sintramacon-DF ressalta ainda que \u00e9 lament\u00e1vel que a C\u00e2mara Legislativa do Distrito Federal aprove um projeto cujo objetivo \u00e9 excluir o trabalhador do processo de negocia\u00e7\u00e3o trabalhista. \u201c \u00c9 um retrocesso imenso, um preju\u00edzo enorme provocado \u00e0 vida de mais de 20 mil fam\u00edlias. N\u00e3o h\u00e1 como compreender a motiva\u00e7\u00e3o dos deputados distritais em aprovar um projeto que tem o objetivo de calar a voz dos trabalhadores\u201d, disse.<\/p>\n<p class=\"p1\">Al\u00e9m de perder a redu\u00e7\u00e3o da jornada de trabalho aos domingos, os trabalhadores em lojas de materiais de constru\u00e7\u00e3o tamb\u00e9m v\u00e3o perder as garantias atualmente existentes na conven\u00e7\u00e3o coletiva de trabalho, que s\u00e3o a remunera\u00e7\u00e3o de 50% sobre a hora normal para os trabalhadores que cumprirem jornada aos domingos, extin\u00e7\u00e3o das seis horas de trabalho para o dia, fim da obrigatoriedade de intercalar os domingos trabalhados e extin\u00e7\u00e3o do adicional de 150% sobre o valor da hora extra de trabalho quando executada aos domingos.<\/p>\n<p class=\"p1\">Para o sindicato, a proposta tamb\u00e9m vai gerar queda de qualidade de vida para os trabalhadores do Distrito Federal, uma vez que amplia a carga hor\u00e1ria de trabalho exigida. Cabe lembrar que, segundo o Dieese, os trabalhadores no com\u00e9rcio do DF j\u00e1 atuam acima da jornada regular de trabalho, que \u00e9 de 44 horas semanais.<\/p>\n<p class=\"p1\">\n","protected":false},"excerpt":{"rendered":"<p>Sintramacon-DF se op\u00f5e a projeto de lei 988\/2016, que exclui empregados da negocia\u00e7\u00e3o trabalhista e permite abertura indiscriminada do com\u00e9rcio aos domingos A aprova\u00e7\u00e3o do projeto de lei 988\/2016, de autoria da deputada distrital Celina Le\u00e3o, pode acabar com as recentes conquistas dos trabalhadores em lojas de materiais de constru\u00e7\u00e3o, que, desde mar\u00e7o, passaram a &#8230;<\/p>\n","protected":false},"author":2,"featured_media":996,"comment_status":"open","ping_status":"open","sticky":false,"template":"","format":"standard","meta":{"footnotes":""},"categories":[2,10,12],"tags":[],"class_list":["post-1199","post","type-post","status-publish","format-standard","has-post-thumbnail","hentry","category-destaque","category-luta-sindical","category-politica"],"_links":{"self":[{"href":"https:\/\/sintramacon.com.br\/site\/index.php?rest_route=\/wp\/v2\/posts\/1199","targetHints":{"allow":["GET"]}}],"collection":[{"href":"https:\/\/sintramacon.com.br\/site\/index.php?rest_route=\/wp\/v2\/posts"}],"about":[{"href":"https:\/\/sintramacon.com.br\/site\/index.php?rest_route=\/wp\/v2\/types\/post"}],"author":[{"embeddable":true,"href":"https:\/\/sintramacon.com.br\/site\/index.php?rest_route=\/wp\/v2\/users\/2"}],"replies":[{"embeddable":true,"href":"https:\/\/sintramacon.com.br\/site\/index.php?rest_route=%2Fwp%2Fv2%2Fcomments&post=1199"}],"version-history":[{"count":5,"href":"https:\/\/sintramacon.com.br\/site\/index.php?rest_route=\/wp\/v2\/posts\/1199\/revisions"}],"predecessor-version":[{"id":1202,"href":"https:\/\/sintramacon.com.br\/site\/index.php?rest_route=\/wp\/v2\/posts\/1199\/revisions\/1202"}],"wp:featuredmedia":[{"embeddable":true,"href":"https:\/\/sintramacon.com.br\/site\/index.php?rest_route=\/wp\/v2\/media\/996"}],"wp:attachment":[{"href":"https:\/\/sintramacon.com.br\/site\/index.php?rest_route=%2Fwp%2Fv2%2Fmedia&parent=1199"}],"wp:term":[{"taxonomy":"category","embeddable":true,"href":"https:\/\/sintramacon.com.br\/site\/index.php?rest_route=%2Fwp%2Fv2%2Fcategories&post=1199"},{"taxonomy":"post_tag","embeddable":true,"href":"https:\/\/sintramacon.com.br\/site\/index.php?rest_route=%2Fwp%2Fv2%2Ftags&post=1199"}],"curies":[{"name":"wp","href":"https:\/\/api.w.org\/{rel}","templated":true}]}}