{"id":1217,"date":"2016-07-18T21:33:19","date_gmt":"2016-07-18T21:33:19","guid":{"rendered":"http:\/\/sintramacon.com.br\/site\/?p=1217"},"modified":"2016-07-19T16:51:39","modified_gmt":"2016-07-19T16:51:39","slug":"comerciarios-do-distrito-federal-realizam-mais-uma-manifestacao-contra-o-trabalho-aos-domingos","status":"publish","type":"post","link":"https:\/\/sintramacon.com.br\/site\/?p=1217","title":{"rendered":"Comerci\u00e1rios do Distrito Federal realizam mais uma manifesta\u00e7\u00e3o contra o trabalho aos domingos"},"content":{"rendered":"<p><a href=\"https:\/\/sintramacon.com.br\/site\/2016\/07\/comerciarios-do-distrito-federal-realizam-mais-uma-manifestacao-contra-o-trabalho-aos-domingos\/manifestacaoquintapl988-2\/\" rel=\"attachment wp-att-1223\"><img loading=\"lazy\" decoding=\"async\" class=\"alignnone size-full wp-image-1223\" src=\"https:\/\/sintramacon.com.br\/site\/wp-content\/uploads\/2016\/07\/MANIFESTACAOQUINTAPL988-1.png\" alt=\"MANIFESTACAOQUINTAPL988\" width=\"1002\" height=\"581\" srcset=\"https:\/\/sintramacon.com.br\/site\/wp-content\/uploads\/2016\/07\/MANIFESTACAOQUINTAPL988-1.png 1002w, https:\/\/sintramacon.com.br\/site\/wp-content\/uploads\/2016\/07\/MANIFESTACAOQUINTAPL988-1-300x174.png 300w, https:\/\/sintramacon.com.br\/site\/wp-content\/uploads\/2016\/07\/MANIFESTACAOQUINTAPL988-1-768x445.png 768w\" sizes=\"auto, (max-width: 1002px) 100vw, 1002px\" \/><\/a>Os comerci\u00e1rios do Distrito Federal realizam, nesta quinta-feira (21\/07), mais um protesto contra o projeto de lei 988\/2016, que exclui diversos direitos, benef\u00edcios e vantagens dos trabalhadores, elimina a negocia\u00e7\u00e3o entre patr\u00f5es e empregados e p\u00f5e fim \u00e0 conven\u00e7\u00e3o coletiva de trabalho. Dessa vez, a manifesta\u00e7\u00e3o vai ocorrer no Sia, no in\u00edcio do trecho 3, a partir das 10h.<\/p>\n<p>O projeto 988\/16 foi aprovado no dia 30 de junho e ainda vai ser apreciado pelo governador Rodrigo Rollemberg, que poder\u00e1 vetar ou sancionar a proposta. Se entrar em vigor, a nova lei poder\u00e1 por fim \u00e0 redu\u00e7\u00e3o da jornada de trabalho, remunera\u00e7\u00e3o de 50% sobre a hora normal para os trabalhadores que cumprirem jornada aos domingos, fim da obrigatoriedade de intercalar os domingos trabalhados e extin\u00e7\u00e3o do adicional de 50% sobre o valor da hora extra de trabalho quando executada aos domingos.<\/p>\n<p>Al\u00e9m disso, a nova lei exclui a negocia\u00e7\u00e3o entre patr\u00f5es e empregados quanto \u00e0s condi\u00e7\u00f5es de trabalho aos domingos, concedendo aos empres\u00e1rios total poder para definir todas as regras, sem necessidade de negociar com os trabalhadores.\u00a0 \u201cDemoramos muitos anos para construir esse acordo e a C\u00e2mara Legislativa, atua contra o trabalhador, e p\u00f5e fim ao direito conquistado a duras penas, e sem ouvir sequer os trabalhadores\u201d, avalia Luciana de Moraes, presidente do Sindicato dos Trabalhadores no Com\u00e9rcio Atacadista e Varejista de Materiais de Constru\u00e7\u00e3o do DF (Sintramacon-DF). \u201cN\u00e3o vamos abrir m\u00e3o dos nossos direitos\u201d, concluiu.<\/p>\n","protected":false},"excerpt":{"rendered":"<p>Os comerci\u00e1rios do Distrito Federal realizam, nesta quinta-feira (21\/07), mais um protesto contra o projeto de lei 988\/2016, que exclui diversos direitos, benef\u00edcios e vantagens dos trabalhadores, elimina a negocia\u00e7\u00e3o entre patr\u00f5es e empregados e p\u00f5e fim \u00e0 conven\u00e7\u00e3o coletiva de trabalho. Dessa vez, a manifesta\u00e7\u00e3o vai ocorrer no Sia, no in\u00edcio do trecho 3, &#8230;<\/p>\n","protected":false},"author":2,"featured_media":1223,"comment_status":"open","ping_status":"open","sticky":false,"template":"","format":"standard","meta":{"footnotes":""},"categories":[2,10,12],"tags":[],"class_list":["post-1217","post","type-post","status-publish","format-standard","has-post-thumbnail","hentry","category-destaque","category-luta-sindical","category-politica"],"_links":{"self":[{"href":"https:\/\/sintramacon.com.br\/site\/index.php?rest_route=\/wp\/v2\/posts\/1217","targetHints":{"allow":["GET"]}}],"collection":[{"href":"https:\/\/sintramacon.com.br\/site\/index.php?rest_route=\/wp\/v2\/posts"}],"about":[{"href":"https:\/\/sintramacon.com.br\/site\/index.php?rest_route=\/wp\/v2\/types\/post"}],"author":[{"embeddable":true,"href":"https:\/\/sintramacon.com.br\/site\/index.php?rest_route=\/wp\/v2\/users\/2"}],"replies":[{"embeddable":true,"href":"https:\/\/sintramacon.com.br\/site\/index.php?rest_route=%2Fwp%2Fv2%2Fcomments&post=1217"}],"version-history":[{"count":5,"href":"https:\/\/sintramacon.com.br\/site\/index.php?rest_route=\/wp\/v2\/posts\/1217\/revisions"}],"predecessor-version":[{"id":1224,"href":"https:\/\/sintramacon.com.br\/site\/index.php?rest_route=\/wp\/v2\/posts\/1217\/revisions\/1224"}],"wp:featuredmedia":[{"embeddable":true,"href":"https:\/\/sintramacon.com.br\/site\/index.php?rest_route=\/wp\/v2\/media\/1223"}],"wp:attachment":[{"href":"https:\/\/sintramacon.com.br\/site\/index.php?rest_route=%2Fwp%2Fv2%2Fmedia&parent=1217"}],"wp:term":[{"taxonomy":"category","embeddable":true,"href":"https:\/\/sintramacon.com.br\/site\/index.php?rest_route=%2Fwp%2Fv2%2Fcategories&post=1217"},{"taxonomy":"post_tag","embeddable":true,"href":"https:\/\/sintramacon.com.br\/site\/index.php?rest_route=%2Fwp%2Fv2%2Ftags&post=1217"}],"curies":[{"name":"wp","href":"https:\/\/api.w.org\/{rel}","templated":true}]}}