{"id":1225,"date":"2016-07-21T20:30:43","date_gmt":"2016-07-21T20:30:43","guid":{"rendered":"http:\/\/sintramacon.com.br\/site\/?p=1225"},"modified":"2016-07-24T00:51:42","modified_gmt":"2016-07-24T00:51:42","slug":"manifestacao-contra-pl988-e-destaque-na-imprensa","status":"publish","type":"post","link":"https:\/\/sintramacon.com.br\/site\/?p=1225","title":{"rendered":"Sintramacon vai \u00e0s ruas e exige veto de PL 988"},"content":{"rendered":"<p>O Sintramacon-DF realizou manifesta\u00e7\u00e3o contra o PL988, que acaba com os direitos dos trabalhadores no com\u00e9rcio. Para Luciana de Moraes, presidente do Sintramacon-DF, governador tem que vetar projeto. Confira:<\/p>\n<p>&nbsp;<\/p>\n<div style=\"width: 618px;\" class=\"wp-video\"><video class=\"wp-video-shortcode\" id=\"video-1225-1\" width=\"618\" height=\"348\" preload=\"metadata\" controls=\"controls\"><source type=\"video\/mp4\" src=\"https:\/\/sintramacon.com.br\/site\/wp-content\/uploads\/2016\/07\/IMG_7195.mp4?_=1\" \/><a href=\"https:\/\/sintramacon.com.br\/site\/wp-content\/uploads\/2016\/07\/IMG_7195.mp4\">https:\/\/sintramacon.com.br\/site\/wp-content\/uploads\/2016\/07\/IMG_7195.mp4<\/a><\/video><\/div>\n","protected":false},"excerpt":{"rendered":"<p>O Sintramacon-DF realizou manifesta\u00e7\u00e3o contra o PL988, que acaba com os direitos dos trabalhadores no com\u00e9rcio. Para Luciana de Moraes, presidente do Sintramacon-DF, governador tem que vetar projeto. Confira: &nbsp;<\/p>\n","protected":false},"author":2,"featured_media":0,"comment_status":"open","ping_status":"open","sticky":false,"template":"","format":"standard","meta":{"footnotes":""},"categories":[1],"tags":[],"class_list":["post-1225","post","type-post","status-publish","format-standard","hentry","category-geral"],"_links":{"self":[{"href":"https:\/\/sintramacon.com.br\/site\/index.php?rest_route=\/wp\/v2\/posts\/1225","targetHints":{"allow":["GET"]}}],"collection":[{"href":"https:\/\/sintramacon.com.br\/site\/index.php?rest_route=\/wp\/v2\/posts"}],"about":[{"href":"https:\/\/sintramacon.com.br\/site\/index.php?rest_route=\/wp\/v2\/types\/post"}],"author":[{"embeddable":true,"href":"https:\/\/sintramacon.com.br\/site\/index.php?rest_route=\/wp\/v2\/users\/2"}],"replies":[{"embeddable":true,"href":"https:\/\/sintramacon.com.br\/site\/index.php?rest_route=%2Fwp%2Fv2%2Fcomments&post=1225"}],"version-history":[{"count":3,"href":"https:\/\/sintramacon.com.br\/site\/index.php?rest_route=\/wp\/v2\/posts\/1225\/revisions"}],"predecessor-version":[{"id":1229,"href":"https:\/\/sintramacon.com.br\/site\/index.php?rest_route=\/wp\/v2\/posts\/1225\/revisions\/1229"}],"wp:attachment":[{"href":"https:\/\/sintramacon.com.br\/site\/index.php?rest_route=%2Fwp%2Fv2%2Fmedia&parent=1225"}],"wp:term":[{"taxonomy":"category","embeddable":true,"href":"https:\/\/sintramacon.com.br\/site\/index.php?rest_route=%2Fwp%2Fv2%2Fcategories&post=1225"},{"taxonomy":"post_tag","embeddable":true,"href":"https:\/\/sintramacon.com.br\/site\/index.php?rest_route=%2Fwp%2Fv2%2Ftags&post=1225"}],"curies":[{"name":"wp","href":"https:\/\/api.w.org\/{rel}","templated":true}]}}