{"id":1294,"date":"2016-09-26T19:50:39","date_gmt":"2016-09-26T19:50:39","guid":{"rendered":"http:\/\/sintramacon.com.br\/site\/?p=1294"},"modified":"2016-09-26T19:50:39","modified_gmt":"2016-09-26T19:50:39","slug":"governador-rollemberg-prefere-ficar-com-empresarios-e-celina-leao-e-sanciona-lei-que-prejudica-500-mil-trabalhadores","status":"publish","type":"post","link":"https:\/\/sintramacon.com.br\/site\/?p=1294","title":{"rendered":"Governador Rollemberg prefere ficar com empres\u00e1rios e Celina Le\u00e3o e sanciona lei que prejudica 500 mil trabalhadores"},"content":{"rendered":"<p>Sintramacon-DF vai \u00e0 Justi\u00e7a contra lei que p\u00f5e fim \u00e0 negocia\u00e7\u00e3o trabalhista e avisa: atual conven\u00e7\u00e3o coletiva est\u00e1 valendo. Empresa que descumprir norma pode ser multada e ter de responder na justi\u00e7a por ilegalidades cometidas<\/p>\n<p>&nbsp;<\/p>\n<figure id=\"attachment_1295\" aria-describedby=\"caption-attachment-1295\" style=\"width: 740px\" class=\"wp-caption alignnone\"><a href=\"https:\/\/sintramacon.com.br\/site\/2016\/09\/governador-rollemberg-prefere-ficar-com-empresarios-e-celina-leao-e-sanciona-lei-que-prejudica-500-mil-trabalhadores\/governador_reuniao_empresarios_tonywinston_agenciabrasilia-1\/\" rel=\"attachment wp-att-1295\"><img loading=\"lazy\" decoding=\"async\" class=\" wp-image-1295\" src=\"https:\/\/sintramacon.com.br\/site\/wp-content\/uploads\/2016\/09\/governador_reuniao_empresarios_tonywinston_agenciabrasilia-1.jpg\" alt=\"Diga-me com quem andas: Governador se esqueceu dos tempos de candidato, quando percorria as lojas do DF pedindo voto, e se recusou a receber trabalhadores para, ao lado de empres\u00e1rios, sancionar projeto de lei da deputada Celina Le\u00e3o, que foi afastada da presid\u00eancia da C\u00e2mara Legislativa por graves den\u00fancias de corrup\u00e7\u00e3o.\" width=\"740\" height=\"493\" srcset=\"https:\/\/sintramacon.com.br\/site\/wp-content\/uploads\/2016\/09\/governador_reuniao_empresarios_tonywinston_agenciabrasilia-1.jpg 1920w, https:\/\/sintramacon.com.br\/site\/wp-content\/uploads\/2016\/09\/governador_reuniao_empresarios_tonywinston_agenciabrasilia-1-300x200.jpg 300w, https:\/\/sintramacon.com.br\/site\/wp-content\/uploads\/2016\/09\/governador_reuniao_empresarios_tonywinston_agenciabrasilia-1-768x512.jpg 768w, https:\/\/sintramacon.com.br\/site\/wp-content\/uploads\/2016\/09\/governador_reuniao_empresarios_tonywinston_agenciabrasilia-1-1024x683.jpg 1024w\" sizes=\"auto, (max-width: 740px) 100vw, 740px\" \/><\/a><figcaption id=\"caption-attachment-1295\" class=\"wp-caption-text\">Diga-me com quem andas: Governador se esqueceu dos tempos de candidato, quando percorria as lojas do DF pedindo voto dos trabalhadores. Ao lado de empres\u00e1rios, ele sancionou projeto de lei da deputada Celina Le\u00e3o, que foi afastada da presid\u00eancia da C\u00e2mara Legislativa por graves den\u00fancias de corrup\u00e7\u00e3o.<\/figcaption><\/figure>\n<p class=\"p1\">\n<p class=\"p1\">A presidente do Sindicato dos Trabalhadores no Com\u00e9rcio Atacadista e Varejista de Materiais de Constru\u00e7\u00e3o do DF, Luciana de Moraes, informou que vai entrar com a\u00e7\u00f5es judiciais questionando a constitucionalidade da altera\u00e7\u00e3o da lei 3893\/2006, que passa a excluir a negocia\u00e7\u00e3o trabalhista e elimina as garantias especificadas em conven\u00e7\u00e3o coletiva.<\/p>\n<p class=\"p1\">&#8220;N\u00e3o nos surpreendemos com a atitude do governador porque ele j\u00e1 vinha dando sinais de que n\u00e3o apoia mais os trabalhadores, assim como a parcela mais pobre da popula\u00e7\u00e3o. Mas \u00e9 certo que a Justi\u00e7a do nosso pa\u00eds colocar\u00e1 novamente a ordem jur\u00eddica em primeiro plano e vai garantir a livre negocia\u00e7\u00e3o entre patroes e empregados, como previa expressamente a lei 3893\/2016 antes da altera\u00e7\u00e3o&#8221;, avaliou Luciana.<\/p>\n<p class=\"p1\">A presidente, entretanto, lamentou a atitude do governador. &#8220;Quando ele era candidato a senador, ele veio pedir apoio dos trabalhadores comerci\u00e1rios. Visitava loja e dava tapinhas nas costas dos empregados no com\u00e9rcio. Agora, ele se reune com meia d\u00fazia de empres\u00e1rios e trai todos os comerci\u00e1rios. E essa passou a ser a nova biografia de Rodrigo Rollemberg&#8221;, avaliou Luciana.<\/p>\n<p class=\"p1\">A presidente do Sintramacon-DF informou tamb\u00e9m que a atual conven\u00e7\u00e3o coletiva est\u00e1 em vigor e prever uma s\u00e9rie de direitos para o trabalhador que cumprir jornada aos domingos. Para ela, a empresa que n\u00e3o se atentar para isso, poder\u00e1 ser r\u00e9u em a\u00e7\u00f5es trabalhistas promovidas pelo sindicato, a partir de den\u00fancias dos trabalhadores. &#8220;\u00c9 bom deixar isso bem claro, porque a imprensa est\u00e1 informando errado e o empres\u00e1rio que embarcar nessa hist\u00f3ria poder\u00e1 ter que arcar com um grande passivo trabalhista no futuro. Nossos advogados est\u00e3o apostos&#8221;, disse.<\/p>\n","protected":false},"excerpt":{"rendered":"<p>Sintramacon-DF vai \u00e0 Justi\u00e7a contra lei que p\u00f5e fim \u00e0 negocia\u00e7\u00e3o trabalhista e avisa: atual conven\u00e7\u00e3o coletiva est\u00e1 valendo. Empresa que descumprir norma pode ser multada e ter de responder na justi\u00e7a por ilegalidades cometidas &nbsp; A presidente do Sindicato dos Trabalhadores no Com\u00e9rcio Atacadista e Varejista de Materiais de Constru\u00e7\u00e3o do DF, Luciana de &#8230;<\/p>\n","protected":false},"author":2,"featured_media":1295,"comment_status":"open","ping_status":"open","sticky":false,"template":"","format":"standard","meta":{"footnotes":""},"categories":[1],"tags":[],"class_list":["post-1294","post","type-post","status-publish","format-standard","has-post-thumbnail","hentry","category-geral"],"_links":{"self":[{"href":"https:\/\/sintramacon.com.br\/site\/index.php?rest_route=\/wp\/v2\/posts\/1294","targetHints":{"allow":["GET"]}}],"collection":[{"href":"https:\/\/sintramacon.com.br\/site\/index.php?rest_route=\/wp\/v2\/posts"}],"about":[{"href":"https:\/\/sintramacon.com.br\/site\/index.php?rest_route=\/wp\/v2\/types\/post"}],"author":[{"embeddable":true,"href":"https:\/\/sintramacon.com.br\/site\/index.php?rest_route=\/wp\/v2\/users\/2"}],"replies":[{"embeddable":true,"href":"https:\/\/sintramacon.com.br\/site\/index.php?rest_route=%2Fwp%2Fv2%2Fcomments&post=1294"}],"version-history":[{"count":2,"href":"https:\/\/sintramacon.com.br\/site\/index.php?rest_route=\/wp\/v2\/posts\/1294\/revisions"}],"predecessor-version":[{"id":1297,"href":"https:\/\/sintramacon.com.br\/site\/index.php?rest_route=\/wp\/v2\/posts\/1294\/revisions\/1297"}],"wp:featuredmedia":[{"embeddable":true,"href":"https:\/\/sintramacon.com.br\/site\/index.php?rest_route=\/wp\/v2\/media\/1295"}],"wp:attachment":[{"href":"https:\/\/sintramacon.com.br\/site\/index.php?rest_route=%2Fwp%2Fv2%2Fmedia&parent=1294"}],"wp:term":[{"taxonomy":"category","embeddable":true,"href":"https:\/\/sintramacon.com.br\/site\/index.php?rest_route=%2Fwp%2Fv2%2Fcategories&post=1294"},{"taxonomy":"post_tag","embeddable":true,"href":"https:\/\/sintramacon.com.br\/site\/index.php?rest_route=%2Fwp%2Fv2%2Ftags&post=1294"}],"curies":[{"name":"wp","href":"https:\/\/api.w.org\/{rel}","templated":true}]}}