{"id":1706,"date":"2025-05-19T14:01:18","date_gmt":"2025-05-19T14:01:18","guid":{"rendered":"https:\/\/sintramacon.com.br\/site\/?p=1706"},"modified":"2025-05-19T14:45:15","modified_gmt":"2025-05-19T14:45:15","slug":"convencao-coletiva-2025-2027","status":"publish","type":"post","link":"https:\/\/sintramacon.com.br\/site\/?p=1706","title":{"rendered":"Conven\u00e7\u00e3o Coletiva 2025\/2027"},"content":{"rendered":"\n<p>A nova Conven\u00e7\u00e3o Coletiva de Trabalho 2025\/2027 foi registrada no MTE e j\u00e1 est\u00e1 dispon\u00edvel para consulta e download.<\/p>\n\n\n\n<p>Neste documento, voc\u00ea encontra todos os detalhes sobre:<br>\u2714\ufe0f Reajuste salarial<br>\u2714\ufe0f Pisos por fun\u00e7\u00e3o<br>\u2714\ufe0f Vale-alimenta\u00e7\u00e3o e transporte<br>\u2714\ufe0f Aux\u00edlio filho deficiente<br>\u2714\ufe0f Aux\u00edlio funeral e plano de sa\u00fade sindical<br>\u2714\ufe0f Garantias de emprego<br>\u2714\ufe0f Contribui\u00e7\u00e3o assistencial, meios e prazo de oposi\u00e7\u00e3o<br>\u2714\ufe0f e muito mais.<\/p>\n\n\n\n<p>\ud83d\udce5 Baixe o documento completo e tire suas d\u00favidas acessando o anexo abaixo.<br>\ud83d\udccc Vig\u00eancia: 01\/05\/2025 a 30\/04\/2027<\/p>\n\n\n<div class='w3eden'><!-- WPDM Link Template: Default Template -->\n\n<div class=\"link-template-default card mb-2\">\n    <div class=\"card-body\">\n        <div class=\"media\">\n            <div class=\"mr-3 img-48\"><img decoding=\"async\" class=\"wpdm_icon\" alt=\"\u00edcone\" src=\"data:image\/svg+xml;base64,CiAgICAgICAgICAgIDxzdmcgeG1sbnM9Imh0dHA6Ly93d3cudzMub3JnLzIwMDAvc3ZnIiB2aWV3Qm94PSIwIDAgNDAgNDAiPgogICAgICAgICAgICAgICAgPGRlZnM+CiAgICAgICAgICAgICAgICAgICAgPGxpbmVhckdyYWRpZW50IGlkPSJncmFkaWVudCIgeDE9IjAiIHkxPSIwIiB4Mj0iMCIgeTI9IjEiPgogICAgICAgICAgICAgICAgICAgICAgICA8c3RvcCBzdG9wLWNvbG9yPSIjMjY5ZGVmIiBvZmZzZXQ9IjAiLz4KICAgICAgICAgICAgICAgICAgICAgICAgPHN0b3Agc3RvcC1jb2xvcj0iIzI2YmRlZiIgb2Zmc2V0PSIxIi8+CiAgICAgICAgICAgICAgICAgICAgPC9saW5lYXJHcmFkaWVudD4KICAgICAgICAgICAgICAgIDwvZGVmcz4KICAgICAgICAgICAgICAgIDxnPgogICAgICAgICAgICAgICAgICAgIDxyZWN0IGZpbGw9InVybCgjZ3JhZGllbnQpIiB4PSIwIiB5PSIwIiB3aWR0aD0iNDAiIGhlaWdodD0iNDAiIHJ4PSIzIiByeT0iMyIvPgogICAgICAgICAgICAgICAgICAgIDx0ZXh0IHg9IjUiIHk9IjE5IiBmb250LWZhbWlseT0iQXJpYWwsIEhlbHZldGljYSwgc2Fucy1zZXJpZiIgZm9udC1zaXplPSIxM3B4IiBsZXR0ZXItc3BhY2luZz0iMSIgZmlsbD0iI0ZGRkZGRiI+CiAgICAgICAgICAgICAgICAgICAgICAgIDx0c3Bhbj5QREY8L3RzcGFuPgogICAgICAgICAgICAgICAgICAgICAgICA8dHNwYW4geD0iNiIgeT0iMjgiPl88L3RzcGFuPgogICAgICAgICAgICAgICAgICAgIDwvdGV4dD4KICAgICAgICAgICAgICAgIDwvZz4KICAgICAgICAgICAgPC9zdmc+CgoJCQk=\" \/><\/div>\n            <div class=\"media-body\">\n                <h3 class=\"package-title\"><a href='https:\/\/sintramacon.com.br\/site\/?wpdmpro=convencao-coletiva-2025-2027'>Conven\u00e7\u00e3o coletiva 2025\/2027<\/a><\/h3>\n                <div class=\"text-muted text-small\"><i class=\"fas fa-copy\"><\/i> 1  arquivo(s) <i class=\"fas fa-hdd ml-3\"><\/i> 245.01 KB<\/div>\n            <\/div>\n            <div class=\"ml-3\">\n                <a class='wpdm-download-link download-on-click btn btn-primary ' rel='nofollow' href='#' data-downloadurl=\"https:\/\/sintramacon.com.br\/site\/?wpdmpro=convencao-coletiva-2025-2027&wpdmdl=1705&refresh=69f03c6abf83a1777351786\">Download<\/a>\n            <\/div>\n        <\/div>\n    <\/div>\n<\/div>\n\n<\/div>\n","protected":false},"excerpt":{"rendered":"<p>A nova Conven\u00e7\u00e3o Coletiva de Trabalho 2025\/2027 foi registrada no MTE e j\u00e1 est\u00e1 dispon\u00edvel para consulta e download. Neste documento, voc\u00ea encontra todos os detalhes sobre:\u2714\ufe0f Reajuste salarial\u2714\ufe0f Pisos por fun\u00e7\u00e3o\u2714\ufe0f Vale-alimenta\u00e7\u00e3o e transporte\u2714\ufe0f Aux\u00edlio filho deficiente\u2714\ufe0f Aux\u00edlio funeral e plano de sa\u00fade sindical\u2714\ufe0f Garantias de emprego\u2714\ufe0f Contribui\u00e7\u00e3o assistencial, meios e prazo de oposi\u00e7\u00e3o\u2714\ufe0f &#8230;<\/p>\n","protected":false},"author":3,"featured_media":1708,"comment_status":"open","ping_status":"open","sticky":false,"template":"","format":"standard","meta":{"footnotes":""},"categories":[2,10],"tags":[],"class_list":["post-1706","post","type-post","status-publish","format-standard","has-post-thumbnail","hentry","category-destaque","category-luta-sindical"],"_links":{"self":[{"href":"https:\/\/sintramacon.com.br\/site\/index.php?rest_route=\/wp\/v2\/posts\/1706","targetHints":{"allow":["GET"]}}],"collection":[{"href":"https:\/\/sintramacon.com.br\/site\/index.php?rest_route=\/wp\/v2\/posts"}],"about":[{"href":"https:\/\/sintramacon.com.br\/site\/index.php?rest_route=\/wp\/v2\/types\/post"}],"author":[{"embeddable":true,"href":"https:\/\/sintramacon.com.br\/site\/index.php?rest_route=\/wp\/v2\/users\/3"}],"replies":[{"embeddable":true,"href":"https:\/\/sintramacon.com.br\/site\/index.php?rest_route=%2Fwp%2Fv2%2Fcomments&post=1706"}],"version-history":[{"count":4,"href":"https:\/\/sintramacon.com.br\/site\/index.php?rest_route=\/wp\/v2\/posts\/1706\/revisions"}],"predecessor-version":[{"id":1712,"href":"https:\/\/sintramacon.com.br\/site\/index.php?rest_route=\/wp\/v2\/posts\/1706\/revisions\/1712"}],"wp:featuredmedia":[{"embeddable":true,"href":"https:\/\/sintramacon.com.br\/site\/index.php?rest_route=\/wp\/v2\/media\/1708"}],"wp:attachment":[{"href":"https:\/\/sintramacon.com.br\/site\/index.php?rest_route=%2Fwp%2Fv2%2Fmedia&parent=1706"}],"wp:term":[{"taxonomy":"category","embeddable":true,"href":"https:\/\/sintramacon.com.br\/site\/index.php?rest_route=%2Fwp%2Fv2%2Fcategories&post=1706"},{"taxonomy":"post_tag","embeddable":true,"href":"https:\/\/sintramacon.com.br\/site\/index.php?rest_route=%2Fwp%2Fv2%2Ftags&post=1706"}],"curies":[{"name":"wp","href":"https:\/\/api.w.org\/{rel}","templated":true}]}}