{"id":298,"date":"2015-07-24T12:12:12","date_gmt":"2015-07-24T12:12:12","guid":{"rendered":"http:\/\/sintramacon.com.br\/site\/?p=298"},"modified":"2015-07-24T12:12:12","modified_gmt":"2015-07-24T12:12:12","slug":"o-sintramacon-df-quer-o-fechamento-do-comercio-de-materiais-aos-domingos","status":"publish","type":"post","link":"https:\/\/sintramacon.com.br\/site\/?p=298","title":{"rendered":"O Sintramacon-DF quer o fechamento do com\u00e9rcio de materiais aos domingos"},"content":{"rendered":"<p><a href=\"https:\/\/sintramacon.com.br\/site\/wp-content\/uploads\/2015\/07\/trabalho-aos-domingos-final2.jpg\"><img loading=\"lazy\" decoding=\"async\" class=\"  wp-image-299 alignleft\" src=\"https:\/\/sintramacon.com.br\/site\/wp-content\/uploads\/2015\/07\/trabalho-aos-domingos-final2-300x207.jpg\" alt=\"trabalho-aos-domingos-final2\" width=\"457\" height=\"315\" srcset=\"https:\/\/sintramacon.com.br\/site\/wp-content\/uploads\/2015\/07\/trabalho-aos-domingos-final2-300x207.jpg 300w, https:\/\/sintramacon.com.br\/site\/wp-content\/uploads\/2015\/07\/trabalho-aos-domingos-final2-110x75.jpg 110w, https:\/\/sintramacon.com.br\/site\/wp-content\/uploads\/2015\/07\/trabalho-aos-domingos-final2.jpg 595w\" sizes=\"auto, (max-width: 457px) 100vw, 457px\" \/><\/a><\/p>\n<p style=\"text-align: justify;\">O Sindicato dos Trabalhadores no Com\u00e9rcio Atacadista de Materiais de Constru\u00e7\u00e3o (Sintramacon-DF) inicia, em mar\u00e7o, uma campanha pelo fechamento do com\u00e9rcio de materiais de constru\u00e7\u00e3o aos domingos.\u00a0 O primeiro passo ser\u00e1 a campanha de esclarecimento da popula\u00e7\u00e3o sobre o que vem ocorrendo no setor, com o funcionamento do com\u00e9rcio nestes dias.<\/p>\n<p style=\"text-align: justify;\">\n<p style=\"text-align: justify;\">De acordo com Luciana de Moraes, presidente do sindicato, houve aumento no n\u00famero de fal\u00eancias no setor, provocado pela concentra\u00e7\u00e3o de vendas pelos grandes empres\u00e1rios, \u00fanicos que t\u00eam condi\u00e7\u00f5es de arcar com o preju\u00edzo provocado pela abertura do com\u00e9rcio no primeiro dia de cada semana.<\/p>\n<p style=\"text-align: justify;\">\n<p style=\"text-align: justify;\">\u201cDe uma forma geral, o mercado de trabalho est\u00e1 diminuindo, j\u00e1 que as pequenas empresas n\u00e3o conseguem arcar com os custos. Ou seja, em vez de gerar mais receita para o Distrito Federal, a abertura aos domingos provoca redu\u00e7\u00e3o de renda. \u00c9 lesivo n\u00e3o apenas para os trabalhadores como para toda a sociedade, j\u00e1 que com o fechamento das lojas, h\u00e1 menos concorr\u00eancia e consequentemente pre\u00e7os mais caros\u201d, avaliou.<\/p>\n<p style=\"text-align: justify;\">\n<p style=\"text-align: justify;\">De acordo com ela, a segunda etapa da campanha \u00e9 a realiza\u00e7\u00e3o de assembleias regionais para mobilizar a categoria a aderir em massa ao movimento e aprovar a inclus\u00e3o da obrigatoriedade de fechamento das lojas na Conven\u00e7\u00e3o Coletiva de Trabalho, conforme estabelece a legisla\u00e7\u00e3o.<\/p>\n<p style=\"text-align: justify;\">\n<p style=\"text-align: justify;\">A estimativa \u00e9 a de o que setor \u00e9 formado por 44 mil trabalhadores, que cumprem jornada de trabalho de 44 horas semanais. Atualmente, a empresa que abre aos domingos \u00e9 obrigada a pagar um adicional de 50% sobre o dia trabalhado, al\u00e9m de pagar transporte e alimenta\u00e7\u00e3o.<\/p>\n<p style=\"text-align: justify;\">\n<p style=\"text-align: justify;\">Mais informa\u00e7\u00f5es:<\/p>\n<p style=\"text-align: justify;\">Sintramacon-DF<\/p>\n<p style=\"text-align: justify;\">3224-0371<\/p>\n","protected":false},"excerpt":{"rendered":"<p>O Sindicato dos Trabalhadores no Com\u00e9rcio Atacadista de Materiais de Constru\u00e7\u00e3o (Sintramacon-DF) inicia, em mar\u00e7o, uma campanha pelo fechamento do com\u00e9rcio de materiais de constru\u00e7\u00e3o aos domingos.\u00a0 O primeiro passo ser\u00e1 a campanha de esclarecimento da popula\u00e7\u00e3o sobre o que vem ocorrendo no setor, com o funcionamento do com\u00e9rcio nestes dias. De acordo com Luciana &#8230;<\/p>\n","protected":false},"author":3,"featured_media":299,"comment_status":"open","ping_status":"open","sticky":false,"template":"","format":"standard","meta":{"footnotes":""},"categories":[2,10],"tags":[],"class_list":["post-298","post","type-post","status-publish","format-standard","has-post-thumbnail","hentry","category-destaque","category-luta-sindical"],"_links":{"self":[{"href":"https:\/\/sintramacon.com.br\/site\/index.php?rest_route=\/wp\/v2\/posts\/298","targetHints":{"allow":["GET"]}}],"collection":[{"href":"https:\/\/sintramacon.com.br\/site\/index.php?rest_route=\/wp\/v2\/posts"}],"about":[{"href":"https:\/\/sintramacon.com.br\/site\/index.php?rest_route=\/wp\/v2\/types\/post"}],"author":[{"embeddable":true,"href":"https:\/\/sintramacon.com.br\/site\/index.php?rest_route=\/wp\/v2\/users\/3"}],"replies":[{"embeddable":true,"href":"https:\/\/sintramacon.com.br\/site\/index.php?rest_route=%2Fwp%2Fv2%2Fcomments&post=298"}],"version-history":[{"count":1,"href":"https:\/\/sintramacon.com.br\/site\/index.php?rest_route=\/wp\/v2\/posts\/298\/revisions"}],"predecessor-version":[{"id":300,"href":"https:\/\/sintramacon.com.br\/site\/index.php?rest_route=\/wp\/v2\/posts\/298\/revisions\/300"}],"wp:featuredmedia":[{"embeddable":true,"href":"https:\/\/sintramacon.com.br\/site\/index.php?rest_route=\/wp\/v2\/media\/299"}],"wp:attachment":[{"href":"https:\/\/sintramacon.com.br\/site\/index.php?rest_route=%2Fwp%2Fv2%2Fmedia&parent=298"}],"wp:term":[{"taxonomy":"category","embeddable":true,"href":"https:\/\/sintramacon.com.br\/site\/index.php?rest_route=%2Fwp%2Fv2%2Fcategories&post=298"},{"taxonomy":"post_tag","embeddable":true,"href":"https:\/\/sintramacon.com.br\/site\/index.php?rest_route=%2Fwp%2Fv2%2Ftags&post=298"}],"curies":[{"name":"wp","href":"https:\/\/api.w.org\/{rel}","templated":true}]}}