{"id":817,"date":"2015-10-01T19:14:28","date_gmt":"2015-10-01T19:14:28","guid":{"rendered":"http:\/\/sintramacon.com.br\/site\/?p=817"},"modified":"2015-10-01T19:35:39","modified_gmt":"2015-10-01T19:35:39","slug":"camara-dos-deputados-cria-comissao-especial-para-regulamentar-taxa-assistencial","status":"publish","type":"post","link":"https:\/\/sintramacon.com.br\/site\/?p=817","title":{"rendered":"C\u00e2mara dos Deputados cria comiss\u00e3o especial para regulamentar taxa assistencial"},"content":{"rendered":"<p><a href=\"https:\/\/sintramacon.com.br\/site\/wp-content\/uploads\/2015\/10\/image.jpeg\"><img loading=\"lazy\" decoding=\"async\" class=\"alignnone size-medium wp-image-821\" src=\"https:\/\/sintramacon.com.br\/site\/wp-content\/uploads\/2015\/10\/image-300x225.jpeg\" alt=\"image\" width=\"300\" height=\"225\" \/><\/a>A C\u00e2mara dos Deputados criou hoje a Comiss\u00e3o Especial Financiamento da Atividade Sindical, que ter\u00e1 o objetivo de estudar e apresentar proposta para subsidiar a estrutura sindical. A a\u00e7\u00e3o \u00e9 uma resposta \u00e0s a\u00e7\u00f5es intensivas de parte do Minist\u00e9rio P\u00fablico do Trabalho que vem questionando a aplica\u00e7\u00e3o da Taxa Assistencial, uma das fontes de renda dos sindicatos.<\/p>\n<p>A comiss\u00e3o \u00e9 formada por 26 titulares e igual n\u00famero de suplentes. A presid\u00eancia ser\u00e1 exercida por Paulo Pereira da Silva (SD-SP), enquanto a vice-presid\u00eancia ficar\u00e1 com Carlos Henrique Gaguim (PMDB-TO). A comiss\u00e3o pretende regulamentar a aplica\u00e7\u00e3o da Taxa Assistencial, tema que j\u00e1 foi aprovado no Senado Federal. Na C\u00e2mara dos Deputados, mais de duas dezenas de projeto tratam do assunto.<\/p>\n<p>Para a presidente do Sintramacon-DF, Luciana de Moraes, a cria\u00e7\u00e3o da comiss\u00e3o \u00e9 um passo importante para as entidades sindicais. &#8220;Esperamos que a comiss\u00e3o possa desenvolver um bom trabalho ao regulamentar a taxa assistencial e por fim, de uma vez por todas, \u00e0 inseguran\u00e7a jur\u00eddica que ronda os sindicatos, que, atualmente, est\u00e3o sob amea\u00e7a de n\u00e3o ter condi\u00e7\u00f5es financeiras de manter suas atividades&#8221;, avaliou.<\/p>\n<p><a href=\"http:\/\/www2.camara.leg.br\/atividade-legislativa\/comissoes\/comissoes-temporarias\/especiais\/55a-legislatura\/financiamento-da-atividade-sindical\/conheca-a-comissao\/membros-da-comissao\">Clique aqui e confira a lista dos integrantes da comiss\u00e3o especial<\/a><\/p>\n","protected":false},"excerpt":{"rendered":"<p>A C\u00e2mara dos Deputados criou hoje a Comiss\u00e3o Especial Financiamento da Atividade Sindical, que ter\u00e1 o objetivo de estudar e apresentar proposta para subsidiar a estrutura sindical. A a\u00e7\u00e3o \u00e9 uma resposta \u00e0s a\u00e7\u00f5es intensivas de parte do Minist\u00e9rio P\u00fablico do Trabalho que vem questionando a aplica\u00e7\u00e3o da Taxa Assistencial, uma das fontes de renda &#8230;<\/p>\n","protected":false},"author":2,"featured_media":0,"comment_status":"open","ping_status":"open","sticky":false,"template":"","format":"standard","meta":{"footnotes":""},"categories":[10],"tags":[],"class_list":["post-817","post","type-post","status-publish","format-standard","hentry","category-luta-sindical"],"_links":{"self":[{"href":"https:\/\/sintramacon.com.br\/site\/index.php?rest_route=\/wp\/v2\/posts\/817","targetHints":{"allow":["GET"]}}],"collection":[{"href":"https:\/\/sintramacon.com.br\/site\/index.php?rest_route=\/wp\/v2\/posts"}],"about":[{"href":"https:\/\/sintramacon.com.br\/site\/index.php?rest_route=\/wp\/v2\/types\/post"}],"author":[{"embeddable":true,"href":"https:\/\/sintramacon.com.br\/site\/index.php?rest_route=\/wp\/v2\/users\/2"}],"replies":[{"embeddable":true,"href":"https:\/\/sintramacon.com.br\/site\/index.php?rest_route=%2Fwp%2Fv2%2Fcomments&post=817"}],"version-history":[{"count":5,"href":"https:\/\/sintramacon.com.br\/site\/index.php?rest_route=\/wp\/v2\/posts\/817\/revisions"}],"predecessor-version":[{"id":827,"href":"https:\/\/sintramacon.com.br\/site\/index.php?rest_route=\/wp\/v2\/posts\/817\/revisions\/827"}],"wp:attachment":[{"href":"https:\/\/sintramacon.com.br\/site\/index.php?rest_route=%2Fwp%2Fv2%2Fmedia&parent=817"}],"wp:term":[{"taxonomy":"category","embeddable":true,"href":"https:\/\/sintramacon.com.br\/site\/index.php?rest_route=%2Fwp%2Fv2%2Fcategories&post=817"},{"taxonomy":"post_tag","embeddable":true,"href":"https:\/\/sintramacon.com.br\/site\/index.php?rest_route=%2Fwp%2Fv2%2Ftags&post=817"}],"curies":[{"name":"wp","href":"https:\/\/api.w.org\/{rel}","templated":true}]}}