{"id":830,"date":"2015-10-30T06:56:57","date_gmt":"2015-10-30T06:56:57","guid":{"rendered":"http:\/\/sintramacon.com.br\/site\/?p=830"},"modified":"2015-10-29T19:58:03","modified_gmt":"2015-10-29T19:58:03","slug":"30-de-outubro-dia-do-comerciario","status":"publish","type":"post","link":"https:\/\/sintramacon.com.br\/site\/?p=830","title":{"rendered":"30 de outubro &#8211; Dia do Comerci\u00e1rio"},"content":{"rendered":"<p><a href=\"https:\/\/sintramacon.com.br\/site\/wp-content\/uploads\/2015\/10\/dia-do-comerciario-sintrama-01.jpg\"><img loading=\"lazy\" decoding=\"async\" class=\"alignnone size-medium wp-image-831\" src=\"https:\/\/sintramacon.com.br\/site\/wp-content\/uploads\/2015\/10\/dia-do-comerciario-sintrama-01-300x213.jpg\" alt=\"dia do comerciario sintrama\" width=\"300\" height=\"213\" srcset=\"https:\/\/sintramacon.com.br\/site\/wp-content\/uploads\/2015\/10\/dia-do-comerciario-sintrama-01-300x213.jpg 300w, https:\/\/sintramacon.com.br\/site\/wp-content\/uploads\/2015\/10\/dia-do-comerciario-sintrama-01-1024x726.jpg 1024w\" sizes=\"auto, (max-width: 300px) 100vw, 300px\" \/><\/a><\/p>\n<p>&nbsp;<\/p>\n<p>O Sintramacon-DF parabeniza todos os trabalhadores do com\u00e9rcio pelo seu dia: 30 de outubro! N\u00e3o devemos esquecer jamais a import\u00e2ncia dessa categoria de trabalhadores para o crescimento econ\u00f4mico do pa\u00eds! Parab\u00e9ns, comerci\u00e1rios!<\/p>\n","protected":false},"excerpt":{"rendered":"<p>&nbsp; O Sintramacon-DF parabeniza todos os trabalhadores do com\u00e9rcio pelo seu dia: 30 de outubro! N\u00e3o devemos esquecer jamais a import\u00e2ncia dessa categoria de trabalhadores para o crescimento econ\u00f4mico do pa\u00eds! Parab\u00e9ns, comerci\u00e1rios!<\/p>\n","protected":false},"author":2,"featured_media":831,"comment_status":"open","ping_status":"open","sticky":false,"template":"","format":"standard","meta":{"footnotes":""},"categories":[10],"tags":[],"class_list":["post-830","post","type-post","status-publish","format-standard","has-post-thumbnail","hentry","category-luta-sindical"],"_links":{"self":[{"href":"https:\/\/sintramacon.com.br\/site\/index.php?rest_route=\/wp\/v2\/posts\/830","targetHints":{"allow":["GET"]}}],"collection":[{"href":"https:\/\/sintramacon.com.br\/site\/index.php?rest_route=\/wp\/v2\/posts"}],"about":[{"href":"https:\/\/sintramacon.com.br\/site\/index.php?rest_route=\/wp\/v2\/types\/post"}],"author":[{"embeddable":true,"href":"https:\/\/sintramacon.com.br\/site\/index.php?rest_route=\/wp\/v2\/users\/2"}],"replies":[{"embeddable":true,"href":"https:\/\/sintramacon.com.br\/site\/index.php?rest_route=%2Fwp%2Fv2%2Fcomments&post=830"}],"version-history":[{"count":1,"href":"https:\/\/sintramacon.com.br\/site\/index.php?rest_route=\/wp\/v2\/posts\/830\/revisions"}],"predecessor-version":[{"id":832,"href":"https:\/\/sintramacon.com.br\/site\/index.php?rest_route=\/wp\/v2\/posts\/830\/revisions\/832"}],"wp:featuredmedia":[{"embeddable":true,"href":"https:\/\/sintramacon.com.br\/site\/index.php?rest_route=\/wp\/v2\/media\/831"}],"wp:attachment":[{"href":"https:\/\/sintramacon.com.br\/site\/index.php?rest_route=%2Fwp%2Fv2%2Fmedia&parent=830"}],"wp:term":[{"taxonomy":"category","embeddable":true,"href":"https:\/\/sintramacon.com.br\/site\/index.php?rest_route=%2Fwp%2Fv2%2Fcategories&post=830"},{"taxonomy":"post_tag","embeddable":true,"href":"https:\/\/sintramacon.com.br\/site\/index.php?rest_route=%2Fwp%2Fv2%2Ftags&post=830"}],"curies":[{"name":"wp","href":"https:\/\/api.w.org\/{rel}","templated":true}]}}