{"id":835,"date":"2015-11-02T19:01:03","date_gmt":"2015-11-02T19:01:03","guid":{"rendered":"http:\/\/sintramacon.com.br\/site\/?p=835"},"modified":"2016-07-01T03:51:00","modified_gmt":"2016-07-01T03:51:00","slug":"chega-de-trabalho-aos-domingos","status":"publish","type":"post","link":"https:\/\/sintramacon.com.br\/site\/?p=835","title":{"rendered":"Chega de trabalho aos domingos"},"content":{"rendered":"<p>Trabalhadores do setor de materiais de constru\u00e7\u00e3o querem o fechamento das lojas aos domingos. A proposta foi apresentada durante a primeira assembleia coletiva da categoria, que \u00e9 preparat\u00f3ria para a rodada de negocia\u00e7\u00e3o salarial com os empres\u00e1rios.\u00a0 Para sensibilizar a opini\u00e3o p\u00fablica e conquistar o apoio da comunidade, o Sintramacon-DF visitou, no domingo (1 de novembro), diversas lojas do Distrito Federal.<\/p>\n<p>&#8220;Os trabalhadores est\u00e3o sendo explorados literalmente porque o domingo n\u00e3o oferece volume de vendas que justifique o esfor\u00e7o.\u00a0 Ou seja, eles est\u00e3o pagando para trabalhar&#8221;, explica Luciana de Moraes, presidente do Sintramacon-DF.<\/p>\n<p>At\u00e9 mesmo os empres\u00e1rios apoiam o movimento. &#8220;Somos contra a abertura das lojas aos domingos. Essa \u00e9 a primeira vez que estamos abrindo e s\u00f3 estamos fazendo isso porque a concorr\u00eancia tem aberto, porque acreditamos que domingo deve ser reservado para a fam\u00edlia, para o descanso&#8221;, declarou o empres\u00e1rio Walter Domingos Coelho, dono da Campe\u00e3o da Constru\u00e7\u00e3o.<\/p>\n<p>At\u00e9 mesmo os clientes dizem que abrem m\u00e3o da comodidade para garantir o descanso dos trabalhadores.\u00a0 Para Jorge Luis Lima, 48 anos, o domingo deve ser reservado para o conv\u00edvio familiar. &#8220;Eu acho que os domingos s\u00e3o importantes para quem vai comprar, mas mesmo assim, eu sou contra porque \u00e9, praticamente, neste dia que o trabalhador pode ter contato com a fam\u00edlia, com os filhos, ent\u00e3o, eu acho que deveria fechar sim&#8221;, disse.<\/p>\n","protected":false},"excerpt":{"rendered":"<p>Trabalhadores do setor de materiais de constru\u00e7\u00e3o querem o fechamento das lojas aos domingos. A proposta foi apresentada durante a primeira assembleia coletiva da categoria, que \u00e9 preparat\u00f3ria para a rodada de negocia\u00e7\u00e3o salarial com os empres\u00e1rios.\u00a0 Para sensibilizar a opini\u00e3o p\u00fablica e conquistar o apoio da comunidade, o Sintramacon-DF visitou, no domingo (1 de &#8230;<\/p>\n","protected":false},"author":2,"featured_media":0,"comment_status":"open","ping_status":"open","sticky":false,"template":"","format":"standard","meta":{"footnotes":""},"categories":[2,10],"tags":[],"class_list":["post-835","post","type-post","status-publish","format-standard","hentry","category-destaque","category-luta-sindical"],"_links":{"self":[{"href":"https:\/\/sintramacon.com.br\/site\/index.php?rest_route=\/wp\/v2\/posts\/835","targetHints":{"allow":["GET"]}}],"collection":[{"href":"https:\/\/sintramacon.com.br\/site\/index.php?rest_route=\/wp\/v2\/posts"}],"about":[{"href":"https:\/\/sintramacon.com.br\/site\/index.php?rest_route=\/wp\/v2\/types\/post"}],"author":[{"embeddable":true,"href":"https:\/\/sintramacon.com.br\/site\/index.php?rest_route=\/wp\/v2\/users\/2"}],"replies":[{"embeddable":true,"href":"https:\/\/sintramacon.com.br\/site\/index.php?rest_route=%2Fwp%2Fv2%2Fcomments&post=835"}],"version-history":[{"count":3,"href":"https:\/\/sintramacon.com.br\/site\/index.php?rest_route=\/wp\/v2\/posts\/835\/revisions"}],"predecessor-version":[{"id":1198,"href":"https:\/\/sintramacon.com.br\/site\/index.php?rest_route=\/wp\/v2\/posts\/835\/revisions\/1198"}],"wp:attachment":[{"href":"https:\/\/sintramacon.com.br\/site\/index.php?rest_route=%2Fwp%2Fv2%2Fmedia&parent=835"}],"wp:term":[{"taxonomy":"category","embeddable":true,"href":"https:\/\/sintramacon.com.br\/site\/index.php?rest_route=%2Fwp%2Fv2%2Fcategories&post=835"},{"taxonomy":"post_tag","embeddable":true,"href":"https:\/\/sintramacon.com.br\/site\/index.php?rest_route=%2Fwp%2Fv2%2Ftags&post=835"}],"curies":[{"name":"wp","href":"https:\/\/api.w.org\/{rel}","templated":true}]}}